{"id":8870,"global_id":"casadellago.unam.mx\/nuevo?id=8870","global_id_lineage":["casadellago.unam.mx\/nuevo?id=8870"],"author":"2","status":"publish","date":"2019-08-29 10:10:28","date_utc":"2019-08-29 16:10:28","modified":"2021-06-03 14:52:41","modified_utc":"2021-06-03 20:52:41","url":"https:\/\/casadellago.unam.mx\/nuevo\/evento\/programa-infantil-de-cortos-animados","rest_url":"https:\/\/casadellago.unam.mx\/nuevo\/wp-json\/tribe\/events\/v1\/events\/8870","title":"Programa infantil de cortos animados","description":"<p><strong>Ciclo: Muestra del 16\u00ba. FICM<\/strong><br \/>\n<strong>Colaboraci\u00f3n:<\/strong> <strong>Festival Internacional de Cine de Morelia<\/strong><br \/>\nSala Lumi\u00e8re<\/p>\n<p><strong>Programa<\/strong><\/p>\n<p><em><strong>Gina<\/strong><\/em><br \/>\nDavid Heras | 2018 | 9&#8242;<br \/>\nGina naci\u00f3 con botarga de gallina. Su sue\u00f1o es bailar son jarocho, pero el traje representa un impedimento. Con ayuda de Regina (su mam\u00e1), har\u00e1n lo posible para hacer ese sue\u00f1o una realidad.<\/p>\n<p><em><strong>Lo que importa es lo de adentro<\/strong><\/em><br \/>\nEduardo Altamirano | 2018 | 3&#8242;<br \/>\nUna manzana llega por accidente a un centro de autoayuda para alimentos caducos.<\/p>\n<p><em><strong>KVAZAR<\/strong><\/em><br \/>\nAlan Gir\u00f3n Palau, Eric Rodr\u00edguez Carrillo | 2018 | 10&#8242;<br \/>\nRigel es un n\u00e1ufrago espacial que pierde a su esposa Vyanka en un accidente. A\u00f1os m\u00e1s tarde recibe una se\u00f1al de vida que parece venir de ella y sale a buscarla.<\/p>\n<p><em><strong>La m\u00e1scara de Velia<\/strong><\/em><br \/>\nElizabeth Vallejo, Elsa Mart\u00ednez | 2018 | 3&#8242;<br \/>\nVelia es una mujer que se esconde detr\u00e1s de una m\u00e1scara. Una tarde, en el cami\u00f3n, Dany, un ni\u00f1o juguet\u00f3n, le ense\u00f1ar\u00e1 a amarse tal y como es.<\/p>\n<p><em><strong>Primos<\/strong><\/em><br \/>\nFederico Guti\u00e9rrez Obeso | 2018 | 10&#8242;<br \/>\nEn un cuento animado que muestra un mismo lugar desde dos puntos de vista, ese desarrolla una historia de opuestos protagonizada por primates fant\u00e1sticos, cuya naturaleza fusiona materia y esp\u00edritu.<\/p>\n<p><em><strong>Aguas con \u201cel Botas\u201d<\/strong><\/em><br \/>\nDominique Jonard | 1993 | 10&#8242;<br \/>\nCanul es un ni\u00f1o de Maruata que sale a pescar y a cazar iguanas. En la noche busca huevos de tortuga en la playa, donde merodea el Botas, un ladr\u00f3n. La vida no es f\u00e1cil para Canul y mucho menos para las tortugas.<\/p>\n<p><em><strong>El \u00faltimo jaguar<\/strong><\/em><br \/>\nMiguel Anaya | 2015 | 7&#8242;<br \/>\nAl escapar de unos cazadores, un jaguar encuentra un cachorro a quien ense\u00f1a c\u00f3mo sobrevivir, aunque al ser capturado los papeles se invierten.<\/p>\n<p><em><strong>Mateo y el cine<\/strong><\/em><br \/>\nLuis Felipe Hern\u00e1ndez Alan\u00eds | 2015 | 3&#8242;<br \/>\nUn ni\u00f1o peque\u00f1o recibe ayuda de su familia para desarrollar su potencial art\u00edstico. Mateo aprende c\u00f3mo hacer cine de animaci\u00f3n usando sus dibujos.<\/p>\n<p><em><strong>El color de mis alas<\/strong><\/em><br \/>\nMiguel Anaya | 2014 | 10&#8242;<br \/>\nEn la regi\u00f3n de Oaxaca, un ave peque\u00f1a pierde a su madre y trata de aprender a volar para buscarla. Al carecer de plumas, emprende un viaje que la llevar\u00e1 a conseguirlas a cualquier costo.<\/p>\n<p><em><strong>9:30 am<\/strong><\/em><br \/>\nAlfonso de la cruz | 2014 | 8&#8242;<br \/>\nErnesto, un ni\u00f1o de vacaciones en casa de su abuela, nos ense\u00f1a c\u00f3mo momentos de la vida cotidiana est\u00e1n cargados de complejas emociones con significados simples. Un problema que solo los adultos comprenden afecta la vida de Ernesto, quien deber\u00e1 descubrir el secreto para regresar todo a la normalidad. La soluci\u00f3n parece sencilla: sentir m\u00e1s y pensar menos.<\/p>","excerpt":"","slug":"programa-infantil-de-cortos-animados","image":{"url":"https:\/\/casadellago.unam.mx\/nuevo\/wp-content\/uploads\/2019\/08\/web-programa-infantil-de-cortos-animados.png","id":"8871","extension":"png","width":342,"height":200,"sizes":{"woocommerce_thumbnail":{"width":300,"height":200,"mime-type":"image\/png","uncropped":false,"url":"https:\/\/casadellago.unam.mx\/nuevo\/wp-content\/uploads\/2019\/08\/web-programa-infantil-de-cortos-animados-300x200.png"},"woocommerce_gallery_thumbnail":{"width":100,"height":100,"mime-type":"image\/png","url":"https:\/\/casadellago.unam.mx\/nuevo\/wp-content\/uploads\/2019\/08\/web-programa-infantil-de-cortos-animados-100x100.png"},"thumbnail":{"width":150,"height":150,"mime-type":"image\/png","url":"https:\/\/casadellago.unam.mx\/nuevo\/wp-content\/uploads\/2019\/08\/web-programa-infantil-de-cortos-animados-150x150.png"},"medium":{"width":300,"height":175,"mime-type":"image\/png","url":"https:\/\/casadellago.unam.mx\/nuevo\/wp-content\/uploads\/2019\/08\/web-programa-infantil-de-cortos-animados-300x175.png"}}},"all_day":false,"start_date":"2019-09-14 17:00:00","start_date_details":{"year":"2019","month":"09","day":"14","hour":"17","minutes":"00","seconds":"00"},"end_date":"2019-09-14 19:00:00","end_date_details":{"year":"2019","month":"09","day":"14","hour":"19","minutes":"00","seconds":"00"},"utc_start_date":"2019-09-14 23:00:00","utc_start_date_details":{"year":"2019","month":"09","day":"14","hour":"23","minutes":"00","seconds":"00"},"utc_end_date":"2019-09-15 01:00:00","utc_end_date_details":{"year":"2019","month":"09","day":"15","hour":"01","minutes":"00","seconds":"00"},"timezone":"UTC-6","timezone_abbr":"UTC-6","cost":"","cost_details":{"currency_symbol":"","currency_position":"prefix","values":[]},"website":"","show_map":true,"show_map_link":true,"hide_from_listings":false,"sticky":false,"featured":false,"categories":[{"name":"Cine","slug":"cine","term_group":0,"term_taxonomy_id":25,"taxonomy":"tribe_events_cat","description":"","parent":0,"count":348,"filter":"raw","id":25,"urls":{"self":"https:\/\/casadellago.unam.mx\/nuevo\/wp-json\/tribe\/events\/v1\/categories\/25","collection":"https:\/\/casadellago.unam.mx\/nuevo\/wp-json\/tribe\/events\/v1\/categories"}}],"tags":[{"name":"Cine","slug":"cine","term_group":0,"term_taxonomy_id":15,"taxonomy":"post_tag","description":"","parent":0,"count":281,"filter":"raw","id":15,"urls":{"self":"https:\/\/casadellago.unam.mx\/nuevo\/wp-json\/tribe\/events\/v1\/tags\/15","collection":"https:\/\/casadellago.unam.mx\/nuevo\/wp-json\/tribe\/events\/v1\/tags"}}],"venue":[],"organizer":[],"json_ld":{"@context":"http:\/\/schema.org","@type":"Event","name":"Programa infantil de cortos animados","description":"&lt;p&gt;Ciclo: Muestra del 16\u00ba. FICM Colaboraci\u00f3n: Festival Internacional de Cine de Morelia Sala Lumi\u00e8re Programa Gina David Heras | 2018 | 9\\' Gina naci\u00f3 con botarga de gallina. Su sue\u00f1o es bailar son jarocho, pero el traje representa un impedimento. Con ayuda de Regina (su mam\u00e1), har\u00e1n lo posible para hacer ese sue\u00f1o una realidad. &hellip; &lt;a href=&quot;https:\/\/casadellago.unam.mx\/nuevo\/evento\/programa-infantil-de-cortos-animados&quot; class=&quot;more-link&quot;&gt;Continue reading &lt;span class=&quot;screen-reader-text&quot;&gt;Programa infantil de cortos animados&lt;\/span&gt;&lt;\/a&gt;&lt;\/p&gt;\\n","image":"https:\/\/casadellago.unam.mx\/nuevo\/wp-content\/uploads\/2019\/08\/web-programa-infantil-de-cortos-animados.png","url":"https:\/\/casadellago.unam.mx\/nuevo\/evento\/programa-infantil-de-cortos-animados\/","startDate":"2019-09-14T17:00:00-06:00","endDate":"2019-09-14T19:00:00-06:00","performer":"Organization"},"ticketed":false}