{"id":31158,"global_id":"casadellago.unam.mx\/nuevo?id=31158","global_id_lineage":["casadellago.unam.mx\/nuevo?id=31158"],"author":"2","status":"publish","date":"2025-09-25 13:29:02","date_utc":"2025-09-25 19:29:02","modified":"2025-10-24 13:23:31","modified_utc":"2025-10-24 19:23:31","url":"https:\/\/casadellago.unam.mx\/nuevo\/evento\/pva2025","rest_url":"https:\/\/casadellago.unam.mx\/nuevo\/wp-json\/tribe\/events\/v1\/events\/31158","title":"Poes\u00eda en Voz Alta 2025: <br><i>La voz, principio del tacto<\/i> <br>Festival","description":"<pre>Consulta horarios y programaci\u00f3n completa aqu\u00ed:\u00a0<a href=\"https:\/\/casadellago.unam.mx\/pva2025\">https:\/\/casadellago.unam.mx\/pva2025<\/a>\/<\/pre>\n<pre><a href=\"https:\/\/casadellago.unam.mx\/nuevo\/wp-content\/uploads\/docs\/Programa PVA2025.pdf\">&gt;&gt;&gt;Descarga el programa aqu\u00ed&lt;&lt;&lt;<\/a><\/pre>\n<p>La edici\u00f3n 2025 de <strong>Poes\u00eda en Voz Alta<\/strong> en <strong>Casa del Lago UNAM<\/strong> presenta a lo largo de tres d\u00edas una programaci\u00f3n que entrelaza sonido, poes\u00eda, cuerpo, tecnolog\u00eda y espiritualidad. El eje tem\u00e1tico gira en torno a la voz como forma de contacto, no solo sonora, sino t\u00e1ctil, ritual y comunitaria. A trav\u00e9s de actos sonoros, perform\u00e1ticos, po\u00e9ticos, audiovisuales y talleres, el festival busca responder: \u00bfc\u00f3mo se toca con la voz?<\/p>\n<p>Esta ser\u00e1 la edici\u00f3n n\u00famero 21 del festival, que a lo largo de su historia se ha consolidado como un espacio clave para la experimentaci\u00f3n po\u00e9tica y esc\u00e9nica. En los \u00faltimos a\u00f1os ha expandido sus posibilidades hacia lo performativo y hacia una exploraci\u00f3n de la palabra m\u00e1s all\u00e1 de lo hablado: la voz en toda su corporalidad y materialidad, como gesto tambi\u00e9n pol\u00edtico.<\/p>\n<p>Actos sonoros:<\/p>\n<p>Propuestas nacionales e internacionales que exploran el sonido como forma de experiencia colectiva e inmersiva:<\/p>\n<p><strong>Mat\u00edas Aguayo<\/strong> (CL) presenta <em>Navegando las ondas ultracortas<\/em>, un show entre comedia musical y ritual sonoro sobre el ciberespacio y sus mutaciones.<\/p>\n<p><strong>Lucy Railton<\/strong> (UK) presenta <em>Blue Veil<\/em>, una obra minimalista para violonchelo que invita a una escucha profunda.<\/p>\n<p><strong>Ark Welders Guild<\/strong> (IT\/CA) propone <em>Oneironautics<\/em>, una exploraci\u00f3n de vibraciones profundas y atm\u00f3sferas on\u00edricas.<\/p>\n<p><strong>Sonograf\u00eda<\/strong> (MX) presenta a <strong>Sonidera Mx<\/strong> (MX), <strong>Rain Selectress<\/strong> (CO) y <strong>Deadbeat<\/strong> (CA), sonorizado por <strong>Om Mani Padme Hum Sound System<\/strong> (MX), ofrece sesiones de reggae y dub con enfoque comunitario.<\/p>\n<p>El colectivo <strong>Tsonami<\/strong> (CL) participa con dos piezas: <em>Acci\u00f3n Rizoma 109<\/em>, una instalaci\u00f3n sonora ef\u00edmera; y <em>Cosmos M\u00ednima<\/em>, improvisaci\u00f3n con sonidos de bosques subant\u00e1rticos.<\/p>\n<p><strong>Byron Westbrook<\/strong> (US) presenta <em>Translucents<\/em> (Remix, 2025), una experiencia sensorial \u00fanica creada para PVA2025 en el Espacio Sonoro de Casa del Lago UNAM en formato de audio a 8.1 canales.<\/p>\n<p>Actos perform\u00e1ticos:<\/p>\n<p><strong>Ra\u00fal Zurita + Delight Lab<\/strong> (CL) presentan <em>Nostalgia de lo inconmensurable<\/em> y <em>Lectura furiosa<\/em>, una performance po\u00e9tica en la que el poeta chileno interpreta su poema VER\u00c1S con proyecciones visuales del colectivo Delight Lab. En paralelo, Delight Lab presenta una obra que explora la memoria y la p\u00e9rdida desde un enfoque sensorial y postnacional.<\/p>\n<p><strong>Multibaile<\/strong>: <em>Aloha-Haw\u00e1i-Distrito-Federal<\/em> (MX), una propuesta coreogr\u00e1fica que reflexiona sobre colonialismo, identidad y cuerpo. Presentado por la <strong>C\u00e1tedra Gloria Contreras<\/strong> y <strong>Danza UNAM<\/strong>.<\/p>\n<p><strong>Castro Hueche<\/strong> (CL) presenta\u00a0<em>Pu K\u00fcrr\u00fcf Weichan<\/em> \/ <em>La guerra de los vientos<\/em>, un performance ritual mapuche sobre sanaci\u00f3n y resistencia.<\/p>\n<p><strong>SQNX<\/strong> (MX\/FI) homenajea a <strong>Horacio Warpola<\/strong> con <em>Machina Doloris<\/em>, performance de duelo y poes\u00eda asistida por inteligencia artificial.<\/p>\n<p>Instalaciones:<\/p>\n<p>Colecci\u00f3n sonora de <strong>Horacio Warpola<\/strong> en <strong>Radio Nopal<\/strong>: una selecci\u00f3n del archivo de su programa <em>Iridiscencia programada<\/em> en formato casete.<\/p>\n<p><em>Arcade para una instalaci\u00f3n intangible<\/em>, creada por y para <strong>Horacio Warpola<\/strong>: instalaci\u00f3n colectiva que mezcla tecnolog\u00eda, naturaleza y mundos virtuales.<\/p>\n<p>Instalaci\u00f3n basada en poema de <strong>Ra\u00fal Zurita<\/strong>, en complemento a la actual exhibici\u00f3n de <em>Ver\u00e1s: El \u00faltimo proyecto<\/em> en <strong>Casa del Lago UNAM<\/strong>.<\/p>\n<p>Actos po\u00e9ticos:<\/p>\n<p><em>Neopaganismos<\/em>, curado por <strong>Luis Felipe Fabre<\/strong> (MX), consiste de mesas de discusi\u00f3n que revisitan los mitos cl\u00e1sicos y reescriben el presente desde el pasado m\u00e1s remoto, abriendo insospechadas posibilidades de futuro. Participan: <strong>\u00c1ngel Gerardo Hern\u00e1ndez Candelaria<\/strong>, <strong>Fanny Enrigue Lancaster Jones<\/strong>, <strong>Javier Acosta Escare\u00f1o<\/strong>, <strong>Ximena Escalante<\/strong>, <strong>Paula Abramo<\/strong> y <strong>\u00d3scar de Pablo<\/strong> (MX).<\/p>\n<p>Cine y conversatorios:<\/p>\n<p>Documentales sobre la poes\u00eda como experiencia sensorial y pol\u00edtica con un par de documentales sobre la pr\u00e1ctica visual del poeta chileno <strong>Ra\u00fal Zurita<\/strong>.<\/p>\n<p>Estreno del documental <strong>Sonograf\u00eda<\/strong>, que explora la pr\u00e1ctica del sound system como resistencia cultural.<\/p>\n<p>Conversatorio sobre palabra-poder-sonoridad, con voces de Colombia y M\u00e9xico que dialogan sobre el poder transformador del sonido mediante el baile y la pr\u00e1ctica de los sound systems con la participaci\u00f3n de <strong>Mar\u00eda del Rossario<\/strong> (CO), <strong>Rootical Sessions<\/strong> (MX), <strong>Neska selectress<\/strong> (MX), <strong>Rain SoundWoman<\/strong> (CO) y <strong>Ollin Miranda<\/strong> (MX).<\/p>\n<p>Talleres:<\/p>\n<p>Espacios formativos, para adultxs y ni\u00f1xs, que conectan cuerpo, voz y territorio a cargo de los colectivos <strong>SQNX<\/strong>, <strong>Tsonami<\/strong>, <strong>Canek Zapata<\/strong> y <strong>Sonograf\u00eda<\/strong>.<\/p>\n<p>Conclusi\u00f3n:<\/p>\n<p>#PVA2025 en <strong>Casa del Lago UNAM<\/strong> propone una experiencia expandida de la voz: como vibraci\u00f3n, rito, duelo, gozo, archivo y encuentro. A trav\u00e9s de la poes\u00eda, el cuerpo y la tecnolog\u00eda, el festival invita a tocar(nos) con la voz.<\/p>\n<p>Todas las actividades en #PVA2025 son de entrada libre y con cupo limitado.<\/p>\n<p><strong>Del 17 al 19 de octubre en Casa del Lago UNAM<\/strong><\/p>\n<p><a href=\"https:\/\/casadellago.unam.mx\/pva2025\/\" target=\"_blank\" rel=\"noopener\">Consulta nuestro micrositio para conocer los horarios y programaci\u00f3n completa del festival.<\/a><\/p>","excerpt":"","slug":"pva2025","image":{"url":"https:\/\/casadellago.unam.mx\/nuevo\/wp-content\/uploads\/2025\/09\/web_pva2025.png","id":"31159","extension":"png","width":730,"height":486,"sizes":{"thumbnail":{"width":150,"height":150,"mime-type":"image\/png","url":"https:\/\/casadellago.unam.mx\/nuevo\/wp-content\/uploads\/2025\/09\/web_pva2025-150x150.png"},"medium":{"width":300,"height":200,"mime-type":"image\/png","url":"https:\/\/casadellago.unam.mx\/nuevo\/wp-content\/uploads\/2025\/09\/web_pva2025-300x200.png"},"woocommerce_thumbnail":{"width":300,"height":300,"mime-type":"image\/png","uncropped":false,"url":"https:\/\/casadellago.unam.mx\/nuevo\/wp-content\/uploads\/2025\/09\/web_pva2025-300x300.png"},"woocommerce_single":{"width":600,"height":399,"mime-type":"image\/png","url":"https:\/\/casadellago.unam.mx\/nuevo\/wp-content\/uploads\/2025\/09\/web_pva2025-600x399.png"},"woocommerce_gallery_thumbnail":{"width":100,"height":100,"mime-type":"image\/png","url":"https:\/\/casadellago.unam.mx\/nuevo\/wp-content\/uploads\/2025\/09\/web_pva2025-100x100.png"},"shop_catalog":{"width":300,"height":300,"mime-type":"image\/png","url":"https:\/\/casadellago.unam.mx\/nuevo\/wp-content\/uploads\/2025\/09\/web_pva2025-300x300.png"},"shop_single":{"width":600,"height":399,"mime-type":"image\/png","url":"https:\/\/casadellago.unam.mx\/nuevo\/wp-content\/uploads\/2025\/09\/web_pva2025-600x399.png"},"shop_thumbnail":{"width":100,"height":100,"mime-type":"image\/png","url":"https:\/\/casadellago.unam.mx\/nuevo\/wp-content\/uploads\/2025\/09\/web_pva2025-100x100.png"}}},"all_day":false,"start_date":"2025-10-17 11:00:00","start_date_details":{"year":"2025","month":"10","day":"17","hour":"11","minutes":"00","seconds":"00"},"end_date":"2025-10-19 20:00:00","end_date_details":{"year":"2025","month":"10","day":"19","hour":"20","minutes":"00","seconds":"00"},"utc_start_date":"2025-10-17 17:00:00","utc_start_date_details":{"year":"2025","month":"10","day":"17","hour":"17","minutes":"00","seconds":"00"},"utc_end_date":"2025-10-20 02:00:00","utc_end_date_details":{"year":"2025","month":"10","day":"20","hour":"02","minutes":"00","seconds":"00"},"timezone":"UTC-6","timezone_abbr":"UTC-6","cost":"","cost_details":{"currency_symbol":"","currency_position":"","values":[]},"website":"https:\/\/www.casadellago.unam.mx\/pva2025\/","show_map":true,"show_map_link":true,"hide_from_listings":false,"sticky":false,"featured":false,"categories":[{"name":"Proyectos especiales","slug":"proyectos-especiales","term_group":0,"term_taxonomy_id":31,"taxonomy":"tribe_events_cat","description":"","parent":0,"count":115,"filter":"raw","id":31,"urls":{"self":"https:\/\/casadellago.unam.mx\/nuevo\/wp-json\/tribe\/events\/v1\/categories\/31","collection":"https:\/\/casadellago.unam.mx\/nuevo\/wp-json\/tribe\/events\/v1\/categories"}}],"tags":[],"venue":[],"organizer":[],"json_ld":{"@context":"http:\/\/schema.org","@type":"Event","name":"Poes\u00eda en Voz Alta 2025: &lt;br&gt;&lt;i&gt;La voz, principio del tacto&lt;\/i&gt; &lt;br&gt;Festival","description":"&lt;p&gt;Consulta horarios y programaci\u00f3n completa aqu\u00ed:\u00a0https:\/\/casadellago.unam.mx\/pva2025\/ &gt;&gt;&gt;Descarga el programa aqu\u00ed&lt;&lt;&lt; La edici\u00f3n 2025 de Poes\u00eda en Voz Alta en Casa del Lago UNAM presenta a lo largo de tres d\u00edas una programaci\u00f3n que entrelaza sonido, poes\u00eda, cuerpo, tecnolog\u00eda y espiritualidad. El eje tem\u00e1tico gira en torno a la voz como forma de contacto, no solo &hellip; &lt;a href=&quot;https:\/\/casadellago.unam.mx\/nuevo\/evento\/pva2025&quot; class=&quot;more-link&quot;&gt;Continue reading &lt;span class=&quot;screen-reader-text&quot;&gt;Poes\u00eda en Voz Alta 2025: &lt;br \/&gt;&lt;i&gt;La voz, principio del tacto&lt;\/i&gt; &lt;br \/&gt;Festival&lt;\/span&gt;&lt;\/a&gt;&lt;\/p&gt;\\n","image":"https:\/\/casadellago.unam.mx\/nuevo\/wp-content\/uploads\/2025\/09\/web_pva2025.png","url":"https:\/\/casadellago.unam.mx\/nuevo\/evento\/pva2025\/","startDate":"2025-10-17T11:00:00-06:00","endDate":"2025-10-19T20:00:00-06:00","performer":"Organization"},"ticketed":false}