{"id":29607,"global_id":"casadellago.unam.mx\/nuevo?id=29607","global_id_lineage":["casadellago.unam.mx\/nuevo?id=29607"],"author":"2","status":"publish","date":"2025-02-17 16:27:31","date_utc":"2025-02-17 22:27:31","modified":"2025-03-14 11:09:36","modified_utc":"2025-03-14 17:09:36","url":"https:\/\/casadellago.unam.mx\/nuevo\/evento\/dora-juarez","rest_url":"https:\/\/casadellago.unam.mx\/nuevo\/wp-json\/tribe\/events\/v1\/events\/29607","title":"Dora Ju\u00e1rez (MX) <br>Presentaci\u00f3n del disco <i>Planeta ballena<\/i> <br>Concierto","description":"<p><iframe style=\"border-radius: 12px;\" src=\"https:\/\/open.spotify.com\/embed\/album\/705Ey38iwnluPdlrQCa6tV?utm_source=generator&amp;theme=0\" width=\"100%\" height=\"152\" frameborder=\"0\" allowfullscreen=\"allowfullscreen\"><\/iframe><\/p>\n<p>Tras podar el \u00e1rbol de la portada de su \u00e1lbum sefard\u00ed <em>Cantos para una Di\u00e1spora<\/em> (Tzadik Records), <strong>Dora Ju\u00e1rez<\/strong> gest\u00f3, dio a luz y migr\u00f3 de la ciudad a la costa para llevar a cabo una larga inmersi\u00f3n vital y creativa de maternaje, siembra, bioconstrucci\u00f3n y composici\u00f3n que termin\u00f3 destilando sonoramente en <em>Planeta Ballena<\/em>. \u00c9ste es un \u00e1lbum de m\u00fasica propia, que navega entre la canci\u00f3n, el paisaje sonoro y la exploraci\u00f3n vocal, junto con elementos electroac\u00fasticos, hilados por una narrativa muy \u00edntima, que testimonia sus incursiones por la ruta de la vida elemental, el nacimiento, la siembra, la muerte, la indagaci\u00f3n en la materia viva y en la conciencia.<\/p>\n<p>Dora Ju\u00e1rez y <strong>Fede Schmucler<\/strong> produjeron las once piezas que conforman este compendio, en un tiempo ballena, oce\u00e1nico y pausado, de manera artesanal y hogare\u00f1a, abriendo largos periodos de atenci\u00f3n, respiraci\u00f3n y transmutaci\u00f3n para la m\u00fasica y las ideas.<\/p>\n<p>Los m\u00fasicos <strong>Fernando Vigueras<\/strong> (guitarra), <strong>Francisco Bringas<\/strong> (percusi\u00f3n y canto arm\u00f3nico) y <strong>Alejandro Tux<\/strong> (electr\u00f3nicos) acompa\u00f1ar\u00e1n el concierto en vivo. <strong>Alethia Andrade<\/strong>, artista visual, acompa\u00f1ar\u00e1 en video e iluminaci\u00f3n. Invitados musicales especiales:\u00a0<strong>Ampersan<\/strong> (Zindu Cano y Kevin Garc\u00eda) y\u00a0<strong>Josu\u00e9 Vergara<\/strong>.<\/p>\n<figure id=\"attachment_29652\" style=\"width: 600px\" class=\"wp-caption alignnone\"><img class=\"wp-image-29652\" src=\"https:\/\/casadellago.unam.mx\/nuevo\/wp-content\/uploads\/2025\/02\/portadaPB-Dora-1-1024x936.jpg\" alt=\"\" width=\"600\" height=\"549\" \/><figcaption class=\"wp-caption-text\">Portada del disco <i>Planeta Ballena<\/i><\/figcaption><\/figure>\n<p>Semblanza:<\/p>\n<p>Dora Ju\u00e1rez, cantante, compositora, cineasta, madre, bioconstructora e indagadora de la percepci\u00f3n, pasa la mayor\u00eda del tiempo sumergida, aunque a veces emerge a compartir hallazgos. Su andanza migratoria y su sed de arraigo la llevan a voltear la mirada hacia el ojo de la mente y hallar, en lo que all\u00ed brota, su ra\u00edz primordial.<\/p>\n<p>Exintegrante del ensamble vocal <strong>Muna Zul<\/strong>, la voz es su ruta en el universo de la m\u00fasica. De la mano de <strong>Germ\u00e1n Bringas<\/strong> grab\u00f3 el \u00e1lbum a dueto <em>En la panza de la ballena<\/em> (Jazzorca Records 2004). Con su disco <em>Cantos para una Di\u00e1spora<\/em> (producido por <strong>John Zorn<\/strong> en Tzadik Records) visita una parte de su \u00e1rbol familiar, incursionando en el canto sefard\u00ed.<\/p>\n<p>En el proceso de tejer con los hilos de su origen, gesta una nueva vida y, tras dar a luz, poda el \u00e1rbol de familia, lo hace le\u00f1a; deja la ciudad para construir una casa con un ba\u00f1o seco cerca del agua, encender un hogar y sembrar nuevos \u00e1rboles. En su asomo al fuego, la tierra, la crianza y el mar, nace su reciente disco <em>Planeta Ballena<\/em>, producido por Federico Schmucler, en un tiempo-ballena, sinuoso y lleno de pausas.<\/p>\n<p>Como documentalista, Dora Ju\u00e1rez ha colaborado con <strong>Werner Herzog,<\/strong> Ernst Reijseger, Ustad Zia Fariduddin Dagar, Enrique Pardo, Mola Syla, los Cardencheros de Sapioriz, entre otros. Su serie de 32 documentales cortos, <em>\u00c9rase una voz en M\u00e9xico<\/em>, sobre voces halladas en el camino durante un largo peregrinaje, realizado mayormente en solitario por toda la Rep\u00fablica Mexicana, se puede ver en la web.<\/p>\n<p>Ha dado conciertos en Am\u00e9rica Latina, Europa y EE. UU. Ju\u00e1rez compone tambi\u00e9n m\u00fasica para pel\u00edculas; persigue la luz del sol; tiene un hijo, cuatro perros, una casa de barro; procura consumir solo lo necesario, devolver el alimento a la tierra, contemplar el espacio y voltear hacia \u201caquello que mira\u201d cada vez que puede.<\/p>\n<p>(Fotos por <a href=\"https:\/\/www.instagram.com\/rodorod\">Rodrigo Vazquez<\/a>)<\/p>","excerpt":"","slug":"dora-juarez","image":{"url":"https:\/\/casadellago.unam.mx\/nuevo\/wp-content\/uploads\/2025\/02\/web_planetaballena.png","id":"29647","extension":"png","width":728,"height":486,"sizes":{"thumbnail":{"width":150,"height":150,"mime-type":"image\/png","url":"https:\/\/casadellago.unam.mx\/nuevo\/wp-content\/uploads\/2025\/02\/web_planetaballena-150x150.png"},"medium":{"width":300,"height":200,"mime-type":"image\/png","url":"https:\/\/casadellago.unam.mx\/nuevo\/wp-content\/uploads\/2025\/02\/web_planetaballena-300x200.png"},"woocommerce_thumbnail":{"width":300,"height":300,"mime-type":"image\/png","uncropped":false,"url":"https:\/\/casadellago.unam.mx\/nuevo\/wp-content\/uploads\/2025\/02\/web_planetaballena-300x300.png"},"woocommerce_single":{"width":600,"height":401,"mime-type":"image\/png","url":"https:\/\/casadellago.unam.mx\/nuevo\/wp-content\/uploads\/2025\/02\/web_planetaballena-600x401.png"},"woocommerce_gallery_thumbnail":{"width":100,"height":100,"mime-type":"image\/png","url":"https:\/\/casadellago.unam.mx\/nuevo\/wp-content\/uploads\/2025\/02\/web_planetaballena-100x100.png"},"shop_catalog":{"width":300,"height":300,"mime-type":"image\/png","url":"https:\/\/casadellago.unam.mx\/nuevo\/wp-content\/uploads\/2025\/02\/web_planetaballena-300x300.png"},"shop_single":{"width":600,"height":401,"mime-type":"image\/png","url":"https:\/\/casadellago.unam.mx\/nuevo\/wp-content\/uploads\/2025\/02\/web_planetaballena-600x401.png"},"shop_thumbnail":{"width":100,"height":100,"mime-type":"image\/png","url":"https:\/\/casadellago.unam.mx\/nuevo\/wp-content\/uploads\/2025\/02\/web_planetaballena-100x100.png"}}},"all_day":false,"start_date":"2025-03-13 18:30:00","start_date_details":{"year":"2025","month":"03","day":"13","hour":"18","minutes":"30","seconds":"00"},"end_date":"2025-03-13 19:30:00","end_date_details":{"year":"2025","month":"03","day":"13","hour":"19","minutes":"30","seconds":"00"},"utc_start_date":"2025-03-14 00:30:00","utc_start_date_details":{"year":"2025","month":"03","day":"14","hour":"00","minutes":"30","seconds":"00"},"utc_end_date":"2025-03-14 01:30:00","utc_end_date_details":{"year":"2025","month":"03","day":"14","hour":"01","minutes":"30","seconds":"00"},"timezone":"UTC-6","timezone_abbr":"UTC-6","cost":"","cost_details":{"currency_symbol":"","currency_position":"","values":[]},"website":"","show_map":true,"show_map_link":true,"hide_from_listings":false,"sticky":false,"featured":false,"categories":[{"name":"M\u00fasica","slug":"musica","term_group":0,"term_taxonomy_id":29,"taxonomy":"tribe_events_cat","description":"","parent":0,"count":337,"filter":"raw","id":29,"urls":{"self":"https:\/\/casadellago.unam.mx\/nuevo\/wp-json\/tribe\/events\/v1\/categories\/29","collection":"https:\/\/casadellago.unam.mx\/nuevo\/wp-json\/tribe\/events\/v1\/categories"}}],"tags":[],"venue":{"id":23962,"author":"2","status":"publish","date":"2022-08-16 13:47:41","date_utc":"2022-08-16 19:47:41","modified":"2022-08-16 13:47:41","modified_utc":"2022-08-16 19:47:41","url":"https:\/\/casadellago.unam.mx\/nuevo\/lugar\/foro-alicia-urreta","venue":"Foro Alicia Urreta","slug":"foro-alicia-urreta","country":"Mexico","json_ld":{"@type":"Place","name":"Foro Alicia Urreta","description":"","url":"https:\/\/casadellago.unam.mx\/nuevo\/lugar\/foro-alicia-urreta","address":{"@type":"PostalAddress","addressCountry":"Mexico"},"telephone":"","sameAs":""},"show_map":true,"show_map_link":true,"global_id":"casadellago.unam.mx\/nuevo?id=23962","global_id_lineage":["casadellago.unam.mx\/nuevo?id=23962"]},"organizer":[],"json_ld":{"@context":"http:\/\/schema.org","@type":"Event","name":"Dora Ju\u00e1rez (MX) &lt;br&gt;Presentaci\u00f3n del disco &lt;i&gt;Planeta ballena&lt;\/i&gt; &lt;br&gt;Concierto","description":"&lt;p&gt;Tras podar el \u00e1rbol de la portada de su \u00e1lbum sefard\u00ed Cantos para una Di\u00e1spora (Tzadik Records), Dora Ju\u00e1rez gest\u00f3, dio a luz y migr\u00f3 de la ciudad a la costa para llevar a cabo una larga inmersi\u00f3n vital y creativa de maternaje, siembra, bioconstrucci\u00f3n y composici\u00f3n que termin\u00f3 destilando sonoramente en Planeta Ballena. \u00c9ste &hellip; &lt;a href=&quot;https:\/\/casadellago.unam.mx\/nuevo\/evento\/dora-juarez&quot; class=&quot;more-link&quot;&gt;Continue reading &lt;span class=&quot;screen-reader-text&quot;&gt;Dora Ju\u00e1rez (MX) &lt;br \/&gt;Presentaci\u00f3n del disco &lt;i&gt;Planeta ballena&lt;\/i&gt; &lt;br \/&gt;Concierto&lt;\/span&gt;&lt;\/a&gt;&lt;\/p&gt;\\n","image":"https:\/\/casadellago.unam.mx\/nuevo\/wp-content\/uploads\/2025\/02\/web_planetaballena.png","url":"https:\/\/casadellago.unam.mx\/nuevo\/evento\/dora-juarez\/","startDate":"2025-03-13T18:30:00-06:00","endDate":"2025-03-13T19:30:00-06:00","location":{"@type":"Place","name":"Foro Alicia Urreta","description":"","url":"https:\/\/casadellago.unam.mx\/nuevo\/lugar\/foro-alicia-urreta","address":{"@type":"PostalAddress","addressCountry":"Mexico"},"telephone":"","sameAs":""},"performer":"Organization"},"ticketed":false}