{"id":27487,"global_id":"casadellago.unam.mx\/nuevo?id=27487","global_id_lineage":["casadellago.unam.mx\/nuevo?id=27487"],"author":"2","status":"publish","date":"2024-04-11 15:28:49","date_utc":"2024-04-11 21:28:49","modified":"2024-07-23 12:12:22","modified_utc":"2024-07-23 18:12:22","url":"https:\/\/casadellago.unam.mx\/nuevo\/evento\/supervivencias","rest_url":"https:\/\/casadellago.unam.mx\/nuevo\/wp-json\/tribe\/events\/v1\/events\/27487","title":"Diplomado &#8220;Supervivencias&#8221; <br> C\u00e1tedra de Estudios Cr\u00edticos Avanzados (2a edici\u00f3n)","description":"<p>Casa del Lago UNAM colabora con 17, Instituto de Estudios Cr\u00edticos para abrir al p\u00fablico general dos de las sesiones de &#8220;Supervivencias&#8221;, segunda edici\u00f3n de su C\u00e1tedra de Estudios Cr\u00edticos Avanzados. Dicha C\u00e1tedra es un foro virtual latinoamericano del m\u00e1s alto nivel, destinado a la ponderaci\u00f3n de algunos de los problemas m\u00e1s acuciantes de nuestro tiempo. En una era de vaticinios amenazantes, tratamos de impulsar la imaginaci\u00f3n para poner en juego im\u00e1genes supervivientes e interrogar las condiciones que tienen algunos gestos para resistir a la clausura.<\/p>\n<p style=\"padding-left: 30px;\"><strong>Franco \u201cBifo\u201d Berardi (IT, Bologna)<\/strong><br \/>\n<strong>\u201cEros superviviente\u201d<\/strong><br \/>\nViernes 19 de abril | 12:00 &#8211; 14:00 (GMT, Ciudad de M\u00e9xico)<\/p>\n<p style=\"padding-left: 30px;\">Mira la transmisi\u00f3n en <a href=\"https:\/\/www.youtube.com\/live\/AZ6DD7Syq8I?feature=shared\">este enlace<\/a>.<\/p>\n<p style=\"padding-left: 30px;\"><strong>Graciela Speranza (AR, Buenos Aires)<\/strong><br \/>\n<strong>\u201cFicciones reales: Notas para un atlas de la literatura y el arte contempor\u00e1neos\u201d<\/strong><br \/>\nViernes 3 de mayo | 12:00 &#8211; 14:00 (GMT, Ciudad de M\u00e9xico)<\/p>\n<p>Colaboraci\u00f3n: 17, Instituto de Estudios Cr\u00edticos<br \/>\n<a href=\"https:\/\/www.youtube.com\/@CasadelLagoUNAMmex\">YouTube Casa del Lago UNAM<\/a><\/p>\n<p><strong>Franco \u201cBifo\u201d Berardi (IT)<\/strong><br \/>\nEscritor, fil\u00f3sofo y activista italiano. Ha trabajado en la Universidad de Bolonia y es un referente del movimiento autonomista italiano. Se gradu\u00f3 en est\u00e9tica en la Facultad de Filosof\u00eda y Letras de la Universidad de Bolonia. Como estudiante, influenciado junto con buena parte de su generaci\u00f3n por el Mayo franc\u00e9s, particip\u00f3 en el movimiento estudiantil italiano de 1968.\u200b Colabora para la revista\u00a0<i>Loop y Alfabeta<\/i>.\u00a0Fue fundador y colaborador de Radio Alice,\u200b as\u00ed como de la revista\u00a0<i>A\/Traverso<\/i>, entre 1975 y 1981. En 1978 llega a Nueva York huyendo del triunfo del neoliberalismo en Italia y en el 2000 publica\u00a0<i>La f\u00e1brica de la infelicidad<\/i>.\u200b En 2002 fund\u00f3 \u00abTV Orfeo\u00bb, la primera televisi\u00f3n comunitaria italiana.\u200b Entre sus textos m\u00e1s relevantes en Espa\u00f1ol est\u00e1n: [2001]\u00a0<i>Felix. Narraci\u00f3n del encuentro con el pensamiento de Guattari, cartograf\u00eda visionaria del tiempo que viene<\/i>\u00a0(Buenos Aires: Editorial Cactus, 2013); [2003]\u00a0<i>La f\u00e1brica de la infelicidad<\/i>\u00a0(Madrid: Traficante de Sue\u00f1os, 2015); [2009]\u00a0<i>Generaci\u00f3n post-alfa: patolog\u00edas e imaginarios en el semiocapitalismo<\/i>\u00a0(Buenos Aires: Tinta Lim\u00f3n, 2016); [2009]\u00a0<i>El trabajo del alma. De la alienaci\u00f3n a la autonom\u00eda<\/i>\u00a0(Buenos Aires: Cruce Casa Editora, 2016); [2011]\u00a0<i>Despu\u00e9s del Futuro<\/i>\u00a0(Madrid:\u00a0 nclave de Libros, 2014); [2012]\u00a0<i>La Sublevaci\u00f3n<\/i>\u00a0(M\u00e9xico: Surplus Ediciones, 2014); [2015]\u00a0<i>H\u00e9roes. Asesinato masivo y suicidio<\/i>\u00a0(Madrid: Akal, Madrid, 2016); [2016]\u00a0<i>Fenomenolog\u00eda del fin. Sensibilidad y mutaci\u00f3n conectiva<\/i>\u00a0(Buenos Aires: Caja Negra, 2018); [2017]<i>\u00a0Futurabilidad. La era de la impotencia y el horizonte de la posibilidad<\/i>\u00a0(Buenos Aires: Caja Negra, 2019); [2019]\u00a0<i>Respirare. Caos y poes\u00eda\u00a0<\/i>(Buenos Aires: Prometeo Libros, 2020),\u00a0<i>\u00a0Aut\u00f3mata y caos\u00a0<\/i>(Madrid: Enclave de libros, 2020);\u00a0<i>El umbral\u00a0<\/i>(Buenos Aires: Tinta Lim\u00f3n, 2020);\u00a0<i>La segunda venida: neorreaccionarios, guerra civil global y el d\u00eda despu\u00e9s del Apocalipsis<\/i>\u00a0(Buenos Aires: Caja Negra, 2021).<\/p>\n<p><strong>Graciela Speranza (AR)<\/strong><br \/>\nCr\u00edtica, narradora y guionista de cine. Se doctor\u00f3 en letras en la Universidad de Buenos Aires, donde ense\u00f1a literatura argentina. Desde 2009 es profesora del Programa de artistas de la Universidad Torcuato Di Tella.\u00a0Desde 2003 dirige con Marcelo Cohen la revista\u00a0<i>Otra Parte<\/i>\u00a0sobre arte y literatura.\u2009\u00a0Speranza colabor\u00f3 con textos en diversos peri\u00f3dicos de la Argentina, como\u00a0<i>Clar\u00edn<\/i>,\u00a0<i>P\u00e1gina\/12<\/i>. En 2002, recibe la beca Guggenheim para desarrollar investigaci\u00f3n sobre literatura argentina, artes visuales y cine. Fue profesora invitada en la Universidad de Columbia, en 2014, con el proyecto de investigaci\u00f3n llamado \u00abNuevas configuraciones del tiempo en la narrativa y el arte contempor\u00e1neos\u00bb. Los ensayos, cr\u00edticas e investigaciones sobre arte y literatura de Speranza abarcan un campo vasto, que va desde la influencia de Duchamp en la literatura argentina, al debate sobre el Surrealismo en Am\u00e9rica Latina.\u00a0Su libro\u00a0<i>Altas port\u00e1til de Am\u00e9rica<\/i>\u00a0.<i>Arte y ficciones errantes<\/i>\u00a0fue finalista del premio Anagrama de ensayo. En el prefacio, Speranza explica la relaci\u00f3n de su ensayo con la exposici\u00f3n del fil\u00f3sofo Georges Didi-Huberman, en el Museo Nacional Centro de Arte Reina Sof\u00eda (26 de noviembre de 2010 al 27 de marzo de 2011),\u00a0<i>Atlas.<\/i>\u00a0<i>\u00bfC\u00f3mo llevar el mundo la cuestas?\u00a0<\/i>Algunos de sus libros son: Graciela Speranza, Beatriz Sarlo (Pr\u00f3logo); Alejandra L\u00f3pez (fotograf\u00edas).\u00a0<i>Primera persona\u00a0<\/i>(Norma, 1995);\u00a0\u00a0<i>Guillermo Kuitca.<\/i>\u00a0<i>Obras 1982-1998. Conversaciones con Graciela Speranza<\/i>\u00a0(Norma, 1998);\u00a0<i>Razones intensas<\/i>,\u00a0<i>Conversaciones sobre arte<\/i>\u00a0(1999);\u00a0<i>Manuel Puig<\/i>:\u00a0<i>Despu\u00e9s del fin de la literatura<\/i>\u00a0(Norma, 2000);\u00a0<i>Oficios ingleses\u00a0<\/i>(Norma, 2003. Romance);\u00a0<i>En el aire<\/i>\u00a0(Buenos Aires: Alfaguara, 2010, Romance);\u00a0<i>Fuera de campo. Literatura y arte argentinos despu\u00e9s de Duchamp<\/i>\u00a0(Barcelona: Anagrama, 2006);\u00a0<i>Atlas port\u00e1til de Am\u00e9rica Latina.<\/i>\u00a0<i>Arte y ficciones errantes<\/i>\u00a0(Barcelona: Anagrama, 2012); Dawn Ades; Rita Eder, Graciela Speranza (org.).\u00a0<i>Surrealism in Latin America: Viv\u00edsimo Muerto<\/i>\u00a0(Issues &amp; debates. Getty Research Institute, 2012);\u00a0<i>Cronograf\u00edas. Arte y ficciones de un tiempo sin tiempo<\/i>\u00a0(Barcelona: Anagrama, 2017).\u00a0\u00a0<i>Futuro Presente<\/i>\u00a0(Siglo XXI, 2019),\u00a0<i>Lo que no vemos, lo que el arte ve\u00a0<\/i>(Barcelona, Anagrama, 2022)<\/p>","excerpt":"","slug":"supervivencias","image":{"url":"https:\/\/casadellago.unam.mx\/nuevo\/wp-content\/uploads\/2024\/04\/web_franco_y_speranza-1.png","id":"27485","extension":"png","width":730,"height":486,"sizes":{"thumbnail":{"width":150,"height":150,"mime-type":"image\/png","url":"https:\/\/casadellago.unam.mx\/nuevo\/wp-content\/uploads\/2024\/04\/web_franco_y_speranza-1-150x150.png"},"medium":{"width":300,"height":200,"mime-type":"image\/png","url":"https:\/\/casadellago.unam.mx\/nuevo\/wp-content\/uploads\/2024\/04\/web_franco_y_speranza-1-300x200.png"},"woocommerce_thumbnail":{"width":300,"height":300,"mime-type":"image\/png","uncropped":false,"url":"https:\/\/casadellago.unam.mx\/nuevo\/wp-content\/uploads\/2024\/04\/web_franco_y_speranza-1-300x300.png"},"woocommerce_single":{"width":600,"height":399,"mime-type":"image\/png","url":"https:\/\/casadellago.unam.mx\/nuevo\/wp-content\/uploads\/2024\/04\/web_franco_y_speranza-1-600x399.png"},"woocommerce_gallery_thumbnail":{"width":100,"height":100,"mime-type":"image\/png","url":"https:\/\/casadellago.unam.mx\/nuevo\/wp-content\/uploads\/2024\/04\/web_franco_y_speranza-1-100x100.png"},"shop_catalog":{"width":300,"height":300,"mime-type":"image\/png","url":"https:\/\/casadellago.unam.mx\/nuevo\/wp-content\/uploads\/2024\/04\/web_franco_y_speranza-1-300x300.png"},"shop_single":{"width":600,"height":399,"mime-type":"image\/png","url":"https:\/\/casadellago.unam.mx\/nuevo\/wp-content\/uploads\/2024\/04\/web_franco_y_speranza-1-600x399.png"},"shop_thumbnail":{"width":100,"height":100,"mime-type":"image\/png","url":"https:\/\/casadellago.unam.mx\/nuevo\/wp-content\/uploads\/2024\/04\/web_franco_y_speranza-1-100x100.png"}}},"all_day":false,"start_date":"2024-05-03 12:00:00","start_date_details":{"year":"2024","month":"05","day":"03","hour":"12","minutes":"00","seconds":"00"},"end_date":"2024-05-03 14:00:00","end_date_details":{"year":"2024","month":"05","day":"03","hour":"14","minutes":"00","seconds":"00"},"utc_start_date":"2024-05-03 18:00:00","utc_start_date_details":{"year":"2024","month":"05","day":"03","hour":"18","minutes":"00","seconds":"00"},"utc_end_date":"2024-05-03 20:00:00","utc_end_date_details":{"year":"2024","month":"05","day":"03","hour":"20","minutes":"00","seconds":"00"},"timezone":"UTC-6","timezone_abbr":"UTC-6","cost":"","cost_details":{"currency_symbol":"","currency_position":"","values":[]},"website":"","show_map":true,"show_map_link":true,"hide_from_listings":false,"sticky":false,"featured":false,"categories":[{"name":"Divulgacion","slug":"divulgacion","term_group":0,"term_taxonomy_id":107,"taxonomy":"tribe_events_cat","description":"","parent":0,"count":139,"filter":"raw","id":107,"urls":{"self":"https:\/\/casadellago.unam.mx\/nuevo\/wp-json\/tribe\/events\/v1\/categories\/107","collection":"https:\/\/casadellago.unam.mx\/nuevo\/wp-json\/tribe\/events\/v1\/categories"}}],"tags":[],"venue":[],"organizer":[],"json_ld":{"@context":"http:\/\/schema.org","@type":"Event","name":"Diplomado &#8220;Supervivencias&#8221; &lt;br&gt; C\u00e1tedra de Estudios Cr\u00edticos Avanzados (2a edici\u00f3n)","description":"&lt;p&gt;Casa del Lago UNAM colabora con 17, Instituto de Estudios Cr\u00edticos para abrir al p\u00fablico general dos de las sesiones de &quot;Supervivencias&quot;, segunda edici\u00f3n de su C\u00e1tedra de Estudios Cr\u00edticos Avanzados. Dicha C\u00e1tedra es un foro virtual latinoamericano del m\u00e1s alto nivel, destinado a la ponderaci\u00f3n de algunos de los problemas m\u00e1s acuciantes de nuestro &hellip; &lt;a href=&quot;https:\/\/casadellago.unam.mx\/nuevo\/evento\/supervivencias&quot; class=&quot;more-link&quot;&gt;Continue reading &lt;span class=&quot;screen-reader-text&quot;&gt;Diplomado &#8220;Supervivencias&#8221; &lt;br \/&gt; C\u00e1tedra de Estudios Cr\u00edticos Avanzados (2a edici\u00f3n)&lt;\/span&gt;&lt;\/a&gt;&lt;\/p&gt;\\n","image":"https:\/\/casadellago.unam.mx\/nuevo\/wp-content\/uploads\/2024\/04\/web_franco_y_speranza-1.png","url":"https:\/\/casadellago.unam.mx\/nuevo\/evento\/supervivencias\/","startDate":"2024-05-03T12:00:00-06:00","endDate":"2024-05-03T14:00:00-06:00","performer":"Organization"},"ticketed":false}