{"id":27371,"global_id":"casadellago.unam.mx\/nuevo?id=27371","global_id_lineage":["casadellago.unam.mx\/nuevo?id=27371"],"author":"2","status":"publish","date":"2024-03-13 17:19:39","date_utc":"2024-03-13 23:19:39","modified":"2024-03-25 11:49:28","modified_utc":"2024-03-25 17:49:28","url":"https:\/\/casadellago.unam.mx\/nuevo\/evento\/aire-libro","rest_url":"https:\/\/casadellago.unam.mx\/nuevo\/wp-json\/tribe\/events\/v1\/events\/27371","title":"Al aire libro <br> D\u00eda Mundial de la Poes\u00eda","description":"<p>La acci\u00f3n po\u00e9tica <strong>Al aire libro<\/strong> es una propuesta, concebida y desarrollada por la Compa\u00f1\u00eda de Artes Verbales Mora Celeste (CO) que pretende reunir diversos sectores de la poblaci\u00f3n, entidades interesadas en la promoci\u00f3n de lectura, bibliotecas, estudiantes, escritoras\/es, artistas de diversas disciplinas y amantes de la literatura en general, para celebrar la experiencia literaria y contribuir en la transformaci\u00f3n de la percepci\u00f3n que tiene el ciudadano com\u00fan sobre la acci\u00f3n de leer.<\/p>\n<p>Para celebrar el\u00a0 D\u00eda Mundial de la Poes\u00eda, te invitamos este jueves 21 de marzo a venir a leer a los jardines de la Casa. Elige una obra literaria muy amada o aquella que siempre has deseado leer, busca un espacio para sentarte y disfruta tu lectura.<\/p>\n<p><strong>Compa\u00f1\u00eda de Artes Verbales Mora Celeste (CO)<\/strong><br \/>\nColectivo independiente que busca generar comunidades lectoras a trav\u00e9s de acciones que puedan desarrollarse en espacios p\u00fablicos. Deseamos que m\u00e1s adelante, con estas comunidades sea posible tejer procesos de creaci\u00f3n colectiva e interdisciplinaria que transformen espacios e imaginarios de las poblaciones, desde las artes.<\/p>","excerpt":"","slug":"aire-libro","image":{"url":"https:\/\/casadellago.unam.mx\/nuevo\/wp-content\/uploads\/2024\/03\/web_al_aire_libro.png","id":"27373","extension":"png","width":730,"height":486,"sizes":{"thumbnail":{"width":150,"height":150,"mime-type":"image\/png","url":"https:\/\/casadellago.unam.mx\/nuevo\/wp-content\/uploads\/2024\/03\/web_al_aire_libro-150x150.png"},"medium":{"width":300,"height":200,"mime-type":"image\/png","url":"https:\/\/casadellago.unam.mx\/nuevo\/wp-content\/uploads\/2024\/03\/web_al_aire_libro-300x200.png"},"woocommerce_thumbnail":{"width":300,"height":300,"mime-type":"image\/png","uncropped":false,"url":"https:\/\/casadellago.unam.mx\/nuevo\/wp-content\/uploads\/2024\/03\/web_al_aire_libro-300x300.png"},"woocommerce_single":{"width":600,"height":399,"mime-type":"image\/png","url":"https:\/\/casadellago.unam.mx\/nuevo\/wp-content\/uploads\/2024\/03\/web_al_aire_libro-600x399.png"},"woocommerce_gallery_thumbnail":{"width":100,"height":100,"mime-type":"image\/png","url":"https:\/\/casadellago.unam.mx\/nuevo\/wp-content\/uploads\/2024\/03\/web_al_aire_libro-100x100.png"},"shop_catalog":{"width":300,"height":300,"mime-type":"image\/png","url":"https:\/\/casadellago.unam.mx\/nuevo\/wp-content\/uploads\/2024\/03\/web_al_aire_libro-300x300.png"},"shop_single":{"width":600,"height":399,"mime-type":"image\/png","url":"https:\/\/casadellago.unam.mx\/nuevo\/wp-content\/uploads\/2024\/03\/web_al_aire_libro-600x399.png"},"shop_thumbnail":{"width":100,"height":100,"mime-type":"image\/png","url":"https:\/\/casadellago.unam.mx\/nuevo\/wp-content\/uploads\/2024\/03\/web_al_aire_libro-100x100.png"}}},"all_day":false,"start_date":"2024-03-21 11:00:00","start_date_details":{"year":"2024","month":"03","day":"21","hour":"11","minutes":"00","seconds":"00"},"end_date":"2024-03-21 18:00:00","end_date_details":{"year":"2024","month":"03","day":"21","hour":"18","minutes":"00","seconds":"00"},"utc_start_date":"2024-03-21 17:00:00","utc_start_date_details":{"year":"2024","month":"03","day":"21","hour":"17","minutes":"00","seconds":"00"},"utc_end_date":"2024-03-22 00:00:00","utc_end_date_details":{"year":"2024","month":"03","day":"22","hour":"00","minutes":"00","seconds":"00"},"timezone":"UTC-6","timezone_abbr":"UTC-6","cost":"","cost_details":{"currency_symbol":"","currency_position":"","values":[]},"website":"","show_map":true,"show_map_link":true,"hide_from_listings":false,"sticky":false,"featured":false,"categories":[{"name":"Literatura","slug":"literatura","term_group":0,"term_taxonomy_id":46,"taxonomy":"tribe_events_cat","description":"","parent":0,"count":114,"filter":"raw","id":46,"urls":{"self":"https:\/\/casadellago.unam.mx\/nuevo\/wp-json\/tribe\/events\/v1\/categories\/46","collection":"https:\/\/casadellago.unam.mx\/nuevo\/wp-json\/tribe\/events\/v1\/categories"}}],"tags":[],"venue":[],"organizer":[],"json_ld":{"@context":"http:\/\/schema.org","@type":"Event","name":"Al aire libro &lt;br&gt; D\u00eda Mundial de la Poes\u00eda","description":"&lt;p&gt;La acci\u00f3n po\u00e9tica Al aire libro es una propuesta, concebida y desarrollada por la Compa\u00f1\u00eda de Artes Verbales Mora Celeste (CO) que pretende reunir diversos sectores de la poblaci\u00f3n, entidades interesadas en la promoci\u00f3n de lectura, bibliotecas, estudiantes, escritoras\/es, artistas de diversas disciplinas y amantes de la literatura en general, para celebrar la experiencia literaria &hellip; &lt;a href=&quot;https:\/\/casadellago.unam.mx\/nuevo\/evento\/aire-libro&quot; class=&quot;more-link&quot;&gt;Continue reading &lt;span class=&quot;screen-reader-text&quot;&gt;Al aire libro &lt;br \/&gt; D\u00eda Mundial de la Poes\u00eda&lt;\/span&gt;&lt;\/a&gt;&lt;\/p&gt;\\n","image":"https:\/\/casadellago.unam.mx\/nuevo\/wp-content\/uploads\/2024\/03\/web_al_aire_libro.png","url":"https:\/\/casadellago.unam.mx\/nuevo\/evento\/aire-libro\/","startDate":"2024-03-21T11:00:00-06:00","endDate":"2024-03-21T18:00:00-06:00","performer":"Organization"},"ticketed":false}