{"id":23383,"global_id":"casadellago.unam.mx\/nuevo?id=23383","global_id_lineage":["casadellago.unam.mx\/nuevo?id=23383"],"author":"2","status":"publish","date":"2022-07-01 12:41:12","date_utc":"2022-07-01 18:41:12","modified":"2022-09-06 11:24:36","modified_utc":"2022-09-06 17:24:36","url":"https:\/\/casadellago.unam.mx\/nuevo\/evento\/resquicio","rest_url":"https:\/\/casadellago.unam.mx\/nuevo\/wp-json\/tribe\/events\/v1\/events\/23383","title":"Resquicio <br> Espacio de arte joven latinoamericano","description":"<p><em>Resquicio <\/em>es un nuevo espacio expositivo en la hist\u00f3rica construcci\u00f3n de Casa del Lago UNAM para j\u00f3venes propuestas del arte contempor\u00e1neo latinoamericano. Anteriormente destinada para m\u00faltiples usos y ahora rehabilitada, esta sala se propone como un sitio de experimentaci\u00f3n, donde el trabajo colaborativo hila los quehaceres art\u00edsticos, museogr\u00e1ficos y curatoriales en una intervenci\u00f3n creativa del espacio patrimonial que la alberga. <em>Resquicio<\/em> muestra una generaci\u00f3n de creadorxs que combinan los saberes locales con los lenguajes art\u00edsticos globales, las t\u00e9cnicas ancestrales con los nuevos medios, y que desdibujan la brecha entre el plano f\u00edsico y digital. Este proyecto busca generar una apertura al redundante c\u00edrculo de aquello que solemos ver programado en espacios can\u00f3nicos, un quiebre a la linealidad de la historia representada, un <em>resquicio<\/em> entre los anchos muros a un costado de este recinto universitario por donde se cuela un destello vivo del presente.<\/p>\n<p>Como parte de la actual l\u00ednea de trabajo que busca apoyar el arte emergente de Latinoam\u00e9rica, y entendiendo la complejidad que conlleva el trazado de \u00e9ste, con la inauguraci\u00f3n de esta sala Casa del Lago UNAM asume el compromiso institucional de ofrecer una plataforma para voces fuera de los modelos hegem\u00f3nicos y m\u00e1s all\u00e1 de la oferta cultural capitalina a fin de potenciar otras formas de creaci\u00f3n art\u00edstica que aportan miradas frescas e innovadoras a nuestro entendimiento de la contemporaneidad.<\/p>\n<p><strong>Inauguraci\u00f3n: 3 de septiembre, 2022 | 13:00<\/strong><\/p>\n<h4><strong><em>Siempreviva<\/em> de Alan Hern\u00e1ndez (MX)<\/strong><\/h4>\n<p><i>Resquicio<\/i>, la nueva sala de exposiciones de Casa del Lago UNAM dedicada al arte joven latinoamericano, se complace en presentar la exposici\u00f3n\u00a0<i>Siempreviva<\/i>, del artista oaxaque\u00f1o Alan Hern\u00e1ndez (Ocotl\u00e1n,1992). La obra de Hern\u00e1ndez combina la t\u00e9cnica del bordado textil y la herrer\u00eda, oficios de sus padres, de los cuales toma influencia para crear detalladas esculturas colgantes con formas org\u00e1nicas que aluden a la flora y fauna. La muestra\u00a0<i>Siempreviva<\/i>\u00a0aborda tem\u00e1ticamente la dualidad de la vida y muerte, en la cual los entes creados por el autor resplandecen con exuberancia suspendidos en medio de la penumbra.<\/p>","excerpt":"","slug":"resquicio","image":{"url":"https:\/\/casadellago.unam.mx\/nuevo\/wp-content\/uploads\/2022\/07\/resquicio.png","id":"23384","extension":"png","width":730,"height":486,"sizes":{"thumbnail":{"width":150,"height":150,"mime-type":"image\/png","url":"https:\/\/casadellago.unam.mx\/nuevo\/wp-content\/uploads\/2022\/07\/resquicio-150x150.png"},"medium":{"width":300,"height":200,"mime-type":"image\/png","url":"https:\/\/casadellago.unam.mx\/nuevo\/wp-content\/uploads\/2022\/07\/resquicio-300x200.png"},"woocommerce_thumbnail":{"width":300,"height":300,"mime-type":"image\/png","uncropped":false,"url":"https:\/\/casadellago.unam.mx\/nuevo\/wp-content\/uploads\/2022\/07\/resquicio-300x300.png"},"woocommerce_single":{"width":600,"height":399,"mime-type":"image\/png","url":"https:\/\/casadellago.unam.mx\/nuevo\/wp-content\/uploads\/2022\/07\/resquicio-600x399.png"},"woocommerce_gallery_thumbnail":{"width":100,"height":100,"mime-type":"image\/png","url":"https:\/\/casadellago.unam.mx\/nuevo\/wp-content\/uploads\/2022\/07\/resquicio-100x100.png"},"shop_catalog":{"width":300,"height":300,"mime-type":"image\/png","url":"https:\/\/casadellago.unam.mx\/nuevo\/wp-content\/uploads\/2022\/07\/resquicio-300x300.png"},"shop_single":{"width":600,"height":399,"mime-type":"image\/png","url":"https:\/\/casadellago.unam.mx\/nuevo\/wp-content\/uploads\/2022\/07\/resquicio-600x399.png"},"shop_thumbnail":{"width":100,"height":100,"mime-type":"image\/png","url":"https:\/\/casadellago.unam.mx\/nuevo\/wp-content\/uploads\/2022\/07\/resquicio-100x100.png"}}},"all_day":false,"start_date":"2022-09-03 13:00:00","start_date_details":{"year":"2022","month":"09","day":"03","hour":"13","minutes":"00","seconds":"00"},"end_date":"2022-09-03 13:00:00","end_date_details":{"year":"2022","month":"09","day":"03","hour":"13","minutes":"00","seconds":"00"},"utc_start_date":"2022-09-03 19:00:00","utc_start_date_details":{"year":"2022","month":"09","day":"03","hour":"19","minutes":"00","seconds":"00"},"utc_end_date":"2022-09-03 19:00:00","utc_end_date_details":{"year":"2022","month":"09","day":"03","hour":"19","minutes":"00","seconds":"00"},"timezone":"UTC-6","timezone_abbr":"UTC-6","cost":"","cost_details":{"currency_symbol":"","currency_position":"","values":[]},"website":"","show_map":true,"show_map_link":true,"hide_from_listings":false,"sticky":false,"featured":false,"categories":[],"tags":[],"venue":[],"organizer":[],"json_ld":{"@context":"http:\/\/schema.org","@type":"Event","name":"Resquicio &lt;br&gt; Espacio de arte joven latinoamericano","description":"&lt;p&gt;Resquicio es un nuevo espacio expositivo en la hist\u00f3rica construcci\u00f3n de Casa del Lago UNAM para j\u00f3venes propuestas del arte contempor\u00e1neo latinoamericano. Anteriormente destinada para m\u00faltiples usos y ahora rehabilitada, esta sala se propone como un sitio de experimentaci\u00f3n, donde el trabajo colaborativo hila los quehaceres art\u00edsticos, museogr\u00e1ficos y curatoriales en una intervenci\u00f3n creativa del &hellip; &lt;a href=&quot;https:\/\/casadellago.unam.mx\/nuevo\/evento\/resquicio&quot; class=&quot;more-link&quot;&gt;Continue reading &lt;span class=&quot;screen-reader-text&quot;&gt;Resquicio &lt;br \/&gt; Espacio de arte joven latinoamericano&lt;\/span&gt;&lt;\/a&gt;&lt;\/p&gt;\\n","image":"https:\/\/casadellago.unam.mx\/nuevo\/wp-content\/uploads\/2022\/07\/resquicio.png","url":"https:\/\/casadellago.unam.mx\/nuevo\/evento\/resquicio\/","startDate":"2022-09-03T13:00:00-06:00","endDate":"2022-09-03T13:00:00-06:00","performer":"Organization"},"ticketed":false}