{"id":15629,"global_id":"casadellago.unam.mx\/nuevo?id=15629","global_id_lineage":["casadellago.unam.mx\/nuevo?id=15629"],"author":"2","status":"publish","date":"2020-04-06 13:12:41","date_utc":"2020-04-06 19:12:41","modified":"2021-06-02 22:46:08","modified_utc":"2021-06-03 04:46:08","url":"https:\/\/casadellago.unam.mx\/nuevo\/evento\/alamar-2","rest_url":"https:\/\/casadellago.unam.mx\/nuevo\/wp-json\/tribe\/events\/v1\/events\/15629","title":"Alamar","description":"<p><strong>Cine en Casa<br \/>\n<\/strong>Funci\u00f3n especial: <em><strong>Alamar<\/strong><\/em><br \/>\nPedro Gonz\u00e1lez-Rubio | M\u00e9xico | 2011 | 73\u2019<br \/>\nColaboraci\u00f3n: ND Mantarraya<\/p>\n<p>Antes de su inevitable separaci\u00f3n Jorge, un joven de origen maya y Natan, su hijo de madre italiana, se embarcan en un viaje ancestral hacia el mar abierto. Alamar se estren\u00f3 en de Festival de Cine de Toronto 2009 y fue galardonada en m\u00e1s de 15 festivales de cine alrededor del mundo.<br \/>\nLink: <a href=\"https:\/\/vimeo.com\/359364171\/0b6aa8928a\"><strong>Vimeo<\/strong><\/a><\/p>","excerpt":"","slug":"alamar-2","image":{"url":"https:\/\/casadellago.unam.mx\/nuevo\/wp-content\/uploads\/2020\/04\/web-alamar.png","id":"15627","extension":"png","width":730,"height":486,"sizes":{"woocommerce_thumbnail":{"width":300,"height":300,"mime-type":"image\/png","uncropped":false,"url":"https:\/\/casadellago.unam.mx\/nuevo\/wp-content\/uploads\/2020\/04\/web-alamar-300x300.png"},"woocommerce_gallery_thumbnail":{"width":100,"height":100,"mime-type":"image\/png","url":"https:\/\/casadellago.unam.mx\/nuevo\/wp-content\/uploads\/2020\/04\/web-alamar-100x100.png"},"woocommerce_single":{"width":600,"height":399,"mime-type":"image\/png","url":"https:\/\/casadellago.unam.mx\/nuevo\/wp-content\/uploads\/2020\/04\/web-alamar-600x399.png"},"thumbnail":{"width":150,"height":150,"mime-type":"image\/png","url":"https:\/\/casadellago.unam.mx\/nuevo\/wp-content\/uploads\/2020\/04\/web-alamar-150x150.png"},"medium":{"width":300,"height":200,"mime-type":"image\/png","url":"https:\/\/casadellago.unam.mx\/nuevo\/wp-content\/uploads\/2020\/04\/web-alamar-300x200.png"}}},"all_day":false,"start_date":"2020-04-12 20:00:00","start_date_details":{"year":"2020","month":"04","day":"12","hour":"20","minutes":"00","seconds":"00"},"end_date":"2020-04-12 22:00:00","end_date_details":{"year":"2020","month":"04","day":"12","hour":"22","minutes":"00","seconds":"00"},"utc_start_date":"2020-04-13 02:00:00","utc_start_date_details":{"year":"2020","month":"04","day":"13","hour":"02","minutes":"00","seconds":"00"},"utc_end_date":"2020-04-13 04:00:00","utc_end_date_details":{"year":"2020","month":"04","day":"13","hour":"04","minutes":"00","seconds":"00"},"timezone":"UTC-6","timezone_abbr":"UTC-6","cost":"","cost_details":{"currency_symbol":"","currency_position":"prefix","values":[]},"website":"","show_map":true,"show_map_link":true,"hide_from_listings":false,"sticky":false,"featured":false,"categories":[{"name":"Cine","slug":"cine","term_group":0,"term_taxonomy_id":25,"taxonomy":"tribe_events_cat","description":"","parent":0,"count":348,"filter":"raw","id":25,"urls":{"self":"https:\/\/casadellago.unam.mx\/nuevo\/wp-json\/tribe\/events\/v1\/categories\/25","collection":"https:\/\/casadellago.unam.mx\/nuevo\/wp-json\/tribe\/events\/v1\/categories"}}],"tags":[{"name":"Cine","slug":"cine","term_group":0,"term_taxonomy_id":15,"taxonomy":"post_tag","description":"","parent":0,"count":281,"filter":"raw","id":15,"urls":{"self":"https:\/\/casadellago.unam.mx\/nuevo\/wp-json\/tribe\/events\/v1\/tags\/15","collection":"https:\/\/casadellago.unam.mx\/nuevo\/wp-json\/tribe\/events\/v1\/tags"}}],"venue":[],"organizer":[],"json_ld":{"@context":"http:\/\/schema.org","@type":"Event","name":"Alamar","description":"&lt;p&gt;Cine en Casa Funci\u00f3n especial: Alamar Pedro Gonz\u00e1lez-Rubio | M\u00e9xico | 2011 | 73\u2019 Colaboraci\u00f3n: ND Mantarraya Antes de su inevitable separaci\u00f3n Jorge, un joven de origen maya y Natan, su hijo de madre italiana, se embarcan en un viaje ancestral hacia el mar abierto. Alamar se estren\u00f3 en de Festival de Cine de Toronto &hellip; &lt;a href=&quot;https:\/\/casadellago.unam.mx\/nuevo\/evento\/alamar-2&quot; class=&quot;more-link&quot;&gt;Continue reading &lt;span class=&quot;screen-reader-text&quot;&gt;Alamar&lt;\/span&gt;&lt;\/a&gt;&lt;\/p&gt;\\n","image":"https:\/\/casadellago.unam.mx\/nuevo\/wp-content\/uploads\/2020\/04\/web-alamar.png","url":"https:\/\/casadellago.unam.mx\/nuevo\/evento\/alamar-2\/","startDate":"2020-04-12T20:00:00-06:00","endDate":"2020-04-12T22:00:00-06:00","performer":"Organization"},"ticketed":false}